{"id":1898,"date":"2021-01-05T14:48:20","date_gmt":"2021-01-05T22:48:20","guid":{"rendered":"https:\/\/news.venturacounty.gov\/?p=1898"},"modified":"2022-02-24T14:50:18","modified_gmt":"2022-02-24T22:50:18","slug":"ventura-county-district-5-supervisor-carmen-ramirez-takes-oath-of-office","status":"publish","type":"post","link":"https:\/\/news.venturacounty.gov\/es\/ventura-county-district-5-supervisor-carmen-ramirez-takes-oath-of-office\/","title":{"rendered":"Condado de Ventura Distrito 5 Supervisora Carmen Ram\u00edrez toma el juramento de cargo"},"content":{"rendered":"<div data-elementor-type=\"wp-post\" data-elementor-id=\"1898\" class=\"elementor elementor-1898\" data-elementor-post-type=\"post\">\n\t\t\t\t\t\t<section class=\"elementor-section elementor-top-section elementor-element elementor-element-46acea7 elementor-section-boxed elementor-section-height-default elementor-section-height-default\" data-id=\"46acea7\" data-element_type=\"section\" data-e-type=\"section\" data-settings=\"{&quot;jet_parallax_layout_list&quot;:[]}\">\n\t\t\t\t\t\t<div class=\"elementor-container elementor-column-gap-default\">\n\t\t\t\t\t<div class=\"elementor-column elementor-col-100 elementor-top-column elementor-element elementor-element-7a09d14\" data-id=\"7a09d14\" data-element_type=\"column\" data-e-type=\"column\">\n\t\t\t<div class=\"elementor-widget-wrap elementor-element-populated\">\n\t\t\t\t\t\t<div class=\"elementor-element elementor-element-90d9575 elementor-widget elementor-widget-text-editor\" data-id=\"90d9575\" data-element_type=\"widget\" data-e-type=\"widget\" data-widget_type=\"text-editor.default\">\n\t\t\t\t<div class=\"elementor-widget-container\">\n\t\t\t\t\t\t\t\t\t<p><img decoding=\"async\" style=\"width: 300px; padding-left: 10px;\" src=\"https:\/\/cdn.ventura.org\/wp-content\/uploads\/2021\/01\/Supervisor_Carmen_Ramirez_v01-300x420.jpg\" alt=\"Carmen Ramirez\" align=\"right\" \/>Ventura, CA \u2013 Hoy, la Supervisora del Distrito 5 Carmen Ram\u00edrez ha tomado su juramento de cargo. \u201cEs\nun honor para m\u00ed iniciar mi servicio representando a los residentes del Quinto Distrito del Condado de\nVentura. S\u00e9 que tenemos muchos retos serios para poder superar las dificultades que cada uno de\nnosotros ha experimentado de diferentes maneras a causa de la crisis de salud y econ\u00f3mica. Pero soy\noptimista y creo que trabajando juntos para el bien com\u00fan nos llevar\u00e1 a un mejor futuro. Gracias por\nla oportunidad de servir,\u201d dijo la Supervisora Ram\u00edrez.<\/p>\n<p>El Distrito 5 incluye las comunidades de Oxnard Shores, Mandalay Bay, Silver Strand, Hollywood Beach,\nHollywood by the Sea, Channel Islands Harbor, El Rio, Nyeland Acres, Del Norte, Colegio de Oxnard,\nOxnard Plain, Strickland y una porci\u00f3n de la Base Naval del Condado de Ventura en Port Hueneme.<\/p>\n<p>\u201cLa Junta de Supervisores y yo nos alegramos de trabajar con la Supervisora Ram\u00edrez al servicio de la\ncomunidad especialmente durante este tiempo critico de respuesta al COVID-19,\u201d dijo el Oficial\nEjecutivo del Condado Mike Powers.<\/p>\n<p>La Supervisora Ram\u00edrez es la primera Latina en ser elegida a la Junta de Supervisores del Condado de\nVentura. Ella ha servido a la comunidad como abogada de ayuda legal y tres periodos como miembro\ndel Concejo de la Ciudad de Oxnard, ella es del Valle de San Gabriel y ha vivido y trabajado en el\nCondado de Ventura desde 1975. De 1975 hasta 1998, Ram\u00edrez trabaj\u00f3 para los programas de\nasistencia legal en los condados de Los \u00c1ngeles, Santa B\u00e1rbara y Ventura y sirvi\u00f3 como directora\nejecutiva en Oxnard de la Asociaci\u00f3n de Servicios Legales de los Condados Channel por diecis\u00e9is a\u00f1os,\nabogando por las necesidades legales de clientes de bajos ingresos y con discapacidades.<\/p>\n<p class=\"translation-block\">La Supervisora Ram\u00edrez participar\u00e1 por primera vez en la reuni\u00f3n de la Junta hoy. La reuni\u00f3n de la\nJunta se llevar\u00e1 a cabo virtualmente a la 1pm. La agenda completa y la transmisi\u00f3n en vivo se pueden\nver en <a href=\"https:\/\/www.ventura.org\/bosagenda\" target=\"_blank\">www.ventura.org\/bosagenda.<\/a><\/p>\n<p><strong>DESCARGAR<\/strong><\/p>\n<ul>\n<li>Presione soltar - <a href=\"https:\/\/vcportal.ventura.org\/CEO\/VCNC\/2021-01-05_VCNC_PressRelease_SupervisorRamirezTakesOath.pdf\" target=\"_blank\">Ingl\u00e9s <\/a>| <a href=\"https:\/\/vcportal.ventura.org\/CEO\/VCNC\/2021-01-05_VCNC_PressRelease_SupervisorRamirezTakesOath_sp.pdf\" target=\"_blank\">espa\u00f1ol<\/a><\/li>\n<\/ul>\t\t\t\t\t\t\t\t<\/div>\n\t\t\t\t<\/div>\n\t\t\t\t\t<\/div>\n\t\t<\/div>\n\t\t\t\t\t<\/div>\n\t\t<\/section>\n\t\t\t\t<\/div>","protected":false},"excerpt":{"rendered":"<p>Ventura, CA \u2013 Today, District 5 Supervisor Carmen Ramirez has taken her oath of office. \u201cI am honored to begin my service representing the residents of Ventura County\u2019s Fifth District. [&hellip;]<\/p>\n","protected":false},"author":5,"featured_media":1754,"comment_status":"closed","ping_status":"closed","sticky":false,"template":"","format":"standard","meta":{"_mo_disable_npp":"","footnotes":""},"categories":[6],"tags":[],"class_list":["post-1898","post","type-post","status-publish","format-standard","has-post-thumbnail","hentry","category-news"],"_links":{"self":[{"href":"https:\/\/news.venturacounty.gov\/es\/wp-json\/wp\/v2\/posts\/1898","targetHints":{"allow":["GET"]}}],"collection":[{"href":"https:\/\/news.venturacounty.gov\/es\/wp-json\/wp\/v2\/posts"}],"about":[{"href":"https:\/\/news.venturacounty.gov\/es\/wp-json\/wp\/v2\/types\/post"}],"author":[{"embeddable":true,"href":"https:\/\/news.venturacounty.gov\/es\/wp-json\/wp\/v2\/users\/5"}],"replies":[{"embeddable":true,"href":"https:\/\/news.venturacounty.gov\/es\/wp-json\/wp\/v2\/comments?post=1898"}],"version-history":[{"count":0,"href":"https:\/\/news.venturacounty.gov\/es\/wp-json\/wp\/v2\/posts\/1898\/revisions"}],"wp:featuredmedia":[{"embeddable":true,"href":"https:\/\/news.venturacounty.gov\/es\/wp-json\/wp\/v2\/media\/1754"}],"wp:attachment":[{"href":"https:\/\/news.venturacounty.gov\/es\/wp-json\/wp\/v2\/media?parent=1898"}],"wp:term":[{"taxonomy":"category","embeddable":true,"href":"https:\/\/news.venturacounty.gov\/es\/wp-json\/wp\/v2\/categories?post=1898"},{"taxonomy":"post_tag","embeddable":true,"href":"https:\/\/news.venturacounty.gov\/es\/wp-json\/wp\/v2\/tags?post=1898"}],"curies":[{"name":"wp","href":"https:\/\/api.w.org\/{rel}","templated":true}]}}