{"id":1884,"date":"2021-03-18T12:04:20","date_gmt":"2021-03-18T19:04:20","guid":{"rendered":"https:\/\/news.venturacounty.gov\/?p=1884"},"modified":"2022-08-08T13:12:07","modified_gmt":"2022-08-08T20:12:07","slug":"statement-from-county-executive-officer-mike-powers-regarding-horrific-shootings-in-atlanta-georgia","status":"publish","type":"post","link":"https:\/\/news.venturacounty.gov\/es\/statement-from-county-executive-officer-mike-powers-regarding-horrific-shootings-in-atlanta-georgia\/","title":{"rendered":"Estimados Miembros de la Comunidad del Condado de Ventura,"},"content":{"rendered":"<div data-elementor-type=\"wp-post\" data-elementor-id=\"1884\" class=\"elementor elementor-1884\" data-elementor-post-type=\"post\">\n\t\t\t\t\t\t<section class=\"elementor-section elementor-top-section elementor-element elementor-element-9fc7705 elementor-section-boxed elementor-section-height-default elementor-section-height-default\" data-id=\"9fc7705\" data-element_type=\"section\" data-e-type=\"section\" data-settings=\"{&quot;jet_parallax_layout_list&quot;:[]}\">\n\t\t\t\t\t\t<div class=\"elementor-container elementor-column-gap-default\">\n\t\t\t\t\t<div class=\"elementor-column elementor-col-100 elementor-top-column elementor-element elementor-element-70e6088\" data-id=\"70e6088\" data-element_type=\"column\" data-e-type=\"column\">\n\t\t\t<div class=\"elementor-widget-wrap elementor-element-populated\">\n\t\t\t\t\t\t<div class=\"elementor-element elementor-element-b2a368b elementor-widget elementor-widget-text-editor\" data-id=\"b2a368b\" data-element_type=\"widget\" data-e-type=\"widget\" data-widget_type=\"text-editor.default\">\n\t\t\t\t<div class=\"elementor-widget-container\">\n\t\t\t\t\t\t\t\t\t<p>Estimados miembros de la comunidad del condado de Ventura,<\/p>\n<p>Estamos de luto junto a la comunidad asi\u00e1tico-americana y todas las v\u00edctimas de los horribles tiroteos en\nAtlanta el martes por la noche que cobraron ocho vidas, seis de las cuales eran mujeres de descendencia\nasi\u00e1tica. Este es el m\u00e1s reciente de una serie de horrendos ataques en contra de asi\u00e1tico-americanos en\ntodo el pa\u00eds, y tristemente, estos no son eventos aislados. Desde el inicio de la pandemia, hemos visto\nun aumento perturbador de ret\u00f3rica provocativa y xenof\u00f3bica, acoso, y violencia en contra de las\ncomunidades asi\u00e1tico-americanas.<\/p>\n<p>Continuaremos asegurando que nuestro condado sea un lugar donde todos son bienvenidos y donde se\ncelebra nuestra diversidad. Estamos en solidaridad con los miembros de la comunidad asi\u00e1ticoamericana y todos los que enfrentan discriminaci\u00f3n, incidentes de odio, temor, e intimidaci\u00f3n. Debemos\nde hacer todo lo que este en nuestro poder para que su seguridad sea una prioridad y oponernos a todas\nlas formas de injusticia.<\/p>\n<p>Nunca hay una justificaci\u00f3n para tal violencia y es completamente falsa cualquier declaraci\u00f3n que culpe\na un grupo particular por el COVID-19 o cualquiera de sus variantes.<\/p>\n<p>Debemos hacer nuestra parte, continuando a motivar el dialogo continuo de temas de raza, y de la larga\nhistoria de racismo en nuestro pa\u00eds, para as\u00ed romper barreras que nos separan, sin importar qu\u00e9 tan\nincomodos sean estos temas. Participar en un dialogo sobre estos temas no crea divisi\u00f3n. La divisi\u00f3n ya\nexiste en nuestra sociedad, pero por medio del dialogo, aun cuando es inc\u00f3modo, pueden iniciar la\nsanaci\u00f3n y el cambio.<\/span><\/p>\n<p>Les pedimos a todos estar en solidaridad con los miembros de nuestra comunidad que est\u00e1n\nexperimentando esto y otras formas de racismo y xenofobia. Debemos permanecer vigilantes y\ncontinuar trabajando como una comunidad para identificar maneras efectivas y de acci\u00f3n para abordar\nesto y todas las formas de prejuicio, estigmatizaci\u00f3n, y racismo.<\/p>\n<p>Atentamente,<\/p>\n<p>Mike Powers, director ejecutivo del condado<\/p>\n<p><strong>DESCARGAS<\/strong><\/p>\n<p>Declaraci\u00f3n - <a title=\"Declaraci\u00f3n de Mike Powers\" href=\"https:\/\/vcportal.ventura.org\/CEO\/VCNC\/press_releases\/2021-03-19_Statement_from_Mike_Powers.pdf\" target=\"_blank\" rel=\"noopener\">Ingl\u00e9s<\/a> | <a title=\"Declaraci\u00f3n de Mike Powers - Espa\u00f1ol\" href=\"https:\/\/vcportal.ventura.org\/CEO\/VCNC\/press_releases\/2021-03-19_Statement_from_Mike_Powers_sp.pdf\" target=\"_blank\" rel=\"noopener\">espa\u00f1ol<\/a><\/p>\t\t\t\t\t\t\t\t<\/div>\n\t\t\t\t<\/div>\n\t\t\t\t\t<\/div>\n\t\t<\/div>\n\t\t\t\t\t<\/div>\n\t\t<\/section>\n\t\t\t\t<\/div>","protected":false},"excerpt":{"rendered":"<p>Dear Ventura County Community Members, We are grieving with the Asian American community and all of the victims of the horrific shootings in Atlanta Tuesday night that took eight lives, [&hellip;]<\/p>\n","protected":false},"author":5,"featured_media":1754,"comment_status":"closed","ping_status":"closed","sticky":false,"template":"","format":"standard","meta":{"_mo_disable_npp":"","footnotes":""},"categories":[6],"tags":[],"class_list":["post-1884","post","type-post","status-publish","format-standard","has-post-thumbnail","hentry","category-news"],"_links":{"self":[{"href":"https:\/\/news.venturacounty.gov\/es\/wp-json\/wp\/v2\/posts\/1884","targetHints":{"allow":["GET"]}}],"collection":[{"href":"https:\/\/news.venturacounty.gov\/es\/wp-json\/wp\/v2\/posts"}],"about":[{"href":"https:\/\/news.venturacounty.gov\/es\/wp-json\/wp\/v2\/types\/post"}],"author":[{"embeddable":true,"href":"https:\/\/news.venturacounty.gov\/es\/wp-json\/wp\/v2\/users\/5"}],"replies":[{"embeddable":true,"href":"https:\/\/news.venturacounty.gov\/es\/wp-json\/wp\/v2\/comments?post=1884"}],"version-history":[{"count":0,"href":"https:\/\/news.venturacounty.gov\/es\/wp-json\/wp\/v2\/posts\/1884\/revisions"}],"wp:featuredmedia":[{"embeddable":true,"href":"https:\/\/news.venturacounty.gov\/es\/wp-json\/wp\/v2\/media\/1754"}],"wp:attachment":[{"href":"https:\/\/news.venturacounty.gov\/es\/wp-json\/wp\/v2\/media?parent=1884"}],"wp:term":[{"taxonomy":"category","embeddable":true,"href":"https:\/\/news.venturacounty.gov\/es\/wp-json\/wp\/v2\/categories?post=1884"},{"taxonomy":"post_tag","embeddable":true,"href":"https:\/\/news.venturacounty.gov\/es\/wp-json\/wp\/v2\/tags?post=1884"}],"curies":[{"name":"wp","href":"https:\/\/api.w.org\/{rel}","templated":true}]}}